[{"@context":"https:\/\/schema.org\/","@type":"Article","@id":"https:\/\/www.hebi.cz\/cepice-pro-vsechny\/#Article","mainEntityOfPage":"https:\/\/www.hebi.cz\/cepice-pro-vsechny\/","headline":"\u010cepice pro v\u0161echny","name":"\u010cepice pro v\u0161echny","description":"Ka\u017ed\u00fd z n\u00e1s, kdo miluje zimu a nesn\u00e1\u0161\u00ed l\u00e9to se nem\u016f\u017ee cel\u00fd rok do\u010dkat toho, a\u017e zase nastane chladn\u00e9 po\u010das\u00ed. A\u010dkoliv se to nezd\u00e1, tak lid\u00ed, co maj\u00ed rad\u0161i zimu ne\u017e l\u00e9to je velk\u00e9 mno\u017estv\u00ed a m\u00e1 to sv\u00e9 opodstatn\u011bn\u00ed. A\u010dkoliv se to nezd\u00e1, tak l\u00e9ta u n\u00e1s b\u00fdvaj\u00ed opravdu hork\u00e9 a v p\u0159\u00edpad\u011b, \u017ee...","datePublished":"2025-05-04","dateModified":"2025-05-04","author":{"@type":"Person","@id":"https:\/\/www.hebi.cz\/author\/#Person","name":"","url":"https:\/\/www.hebi.cz\/author\/","identifier":1,"image":{"@type":"ImageObject","@id":"https:\/\/secure.gravatar.com\/avatar\/1aa4d33840e2afc29128e2a456d425ca0d17b173c888af2db652b1d34fe6f93d?s=96&d=mm&r=g","url":"https:\/\/secure.gravatar.com\/avatar\/1aa4d33840e2afc29128e2a456d425ca0d17b173c888af2db652b1d34fe6f93d?s=96&d=mm&r=g","height":96,"width":96}},"publisher":{"@type":"Organization","name":"hebi.cz","logo":{"@type":"ImageObject","@id":"\/logo.png","url":"\/logo.png","width":600,"height":60}},"image":{"@type":"ImageObject","@id":"https:\/\/www.hebi.cz\/wp-content\/uploads\/child-5943325_640_2.jpg","url":"https:\/\/www.hebi.cz\/wp-content\/uploads\/child-5943325_640_2.jpg","height":0,"width":0},"url":"https:\/\/www.hebi.cz\/cepice-pro-vsechny\/","about":["V\u00fdrobky"],"wordCount":429,"articleBody":"         Ka\u017ed\u00fd z n\u00e1s, kdo miluje zimu a nesn\u00e1\u0161\u00ed l\u00e9to se nem\u016f\u017ee cel\u00fd rok do\u010dkat toho, a\u017e zase nastane chladn\u00e9 po\u010das\u00ed. A\u010dkoliv se to nezd\u00e1, tak lid\u00ed, co maj\u00ed rad\u0161i zimu ne\u017e l\u00e9to je velk\u00e9 mno\u017estv\u00ed a m\u00e1 to sv\u00e9 opodstatn\u011bn\u00ed. A\u010dkoliv se to nezd\u00e1, tak l\u00e9ta u n\u00e1s b\u00fdvaj\u00ed opravdu hork\u00e9 a v p\u0159\u00edpad\u011b, \u017ee se nepohne ani vzduch se jedn\u00e1 o naprost\u00e9 grilov\u00e1n\u00ed lid\u00ed. \u010clov\u011bk vyhled\u00e1v\u00e1 ka\u017ed\u00fd st\u00edn, te\u010de z n\u011bho jako z vola a t\u0159ic\u00edtky jsou na po\u0159adu i na dal\u0161\u00ed dny. To ani nemluv\u00edm o tom, pokud nem\u00e1te v aut\u011b klimatizaci nebo se pe\u010dete n\u011bkde v hale. Nen\u00ed tak divu, \u017ee mnoho lid\u00ed m\u00e1 rad\u0161i chladn\u011bj\u0161\u00ed po\u010das\u00ed ne\u017e pek\u00e1\u010d, kter\u00fd v l\u00e9t\u011b panuje.Pro ty, kte\u0159\u00ed miluj\u00ed hory a u\u017e te\u010f maj\u00ed nachystan\u00e9 ly\u017ee a v\u00fdbavu na dal\u0161\u00ed rok, tak je d\u016fle\u017eit\u00e9 si rezervovat term\u00edn. Ano \u010dtete spr\u00e1vn\u011b v\u011bt\u0161inou se term\u00edny na hory rezervuj\u00ed alespo\u0148 p\u016fl roku dop\u0159edu, abyste m\u011bli jistotu, \u017ee bude voln\u00e9 m\u00edsto. Pokud u\u017e te\u010f m\u00e1te zarezervovan\u00e9 hory a t\u011b\u0161\u00edte se na sv\u00e9 p\u0159\u00e1tel\u00e9, tak pro n\u011b ud\u011blejte p\u0159ekvapen\u00ed v podob\u011b skupinov\u00fdch \u010depic. \u010cepice s potiskem jsou ur\u010den\u00e9 nejen pro jednotlivce, ale i pro cel\u00e9 skupiny. Pr\u00e1v\u011b tyto \u010depice jsou perfektn\u00edm zpest\u0159en\u00edm pro celou partu a rozhodn\u011b je v\u0161ichni ocen\u00ed. Na \u010depice nechte ud\u011blat n\u011bjak\u00e9 vtipn\u00e9 n\u00e1pisy pro mu\u017ee, a\u0165 se v\u0161ichni pobav\u00ed. To stejn\u00e9 ud\u011blejte pro \u017eeny, kter\u00e9 s v\u00e1mi jedou. Ud\u011blejte jen jinou barvu a jin\u00fd n\u00e1pis, kter\u00e9 v\u0161echny ohrom\u00ed. V\u011b\u0159te, \u017ee \u010depice zaujmou a pozn\u00e1te tak na svahu ka\u017ed\u00e9ho z va\u0161\u00ed party. Nebudete se tak nikde nah\u00e1n\u011bt a zkr\u00e1tka jenom zvednete hlavu a vid\u00edte, zda nen\u00ed v\u00e1\u0161 kamar\u00e1d p\u0159\u00edmo p\u0159ed v\u00e1mi v \u0159ad\u011b. Velk\u00fdm plusem je, \u017ee je vyr\u00e1b\u00ed v nejr\u016fzn\u011bj\u0161\u00edch velikostech a na v\u0161echny tak \u010depici se\u017eenete. Velkou v\u00fdhodou je i fakt, \u017ee jsou \u010depice kvalitn\u00ed a m\u016f\u017eete si je nechat i do b\u011b\u017en\u00e9ho \u017eivota. V\u011b\u0159te, \u017ee pr\u00e1v\u011b o z\u00e1bav\u011b a pobaven\u00ed jsou hory s p\u0159\u00e1teli. Ur\u010dit\u011b to ocen\u00edte a u\u017eijete si spoustu z\u00e1bavy, kterou doma nenajdete.                                                                                                                                                                                                                                                                                                                                                                                          3.4\/5 - (9 votes)        "},{"@context":"https:\/\/schema.org\/","@type":"BreadcrumbList","itemListElement":[{"@type":"ListItem","position":1,"name":"\u010cepice pro v\u0161echny","item":"https:\/\/www.hebi.cz\/cepice-pro-vsechny\/#breadcrumbitem"}]}]