[{"@context":"https:\/\/schema.org\/","@type":"Article","@id":"https:\/\/www.hebi.cz\/co-si-vzit-na-sebe\/#Article","mainEntityOfPage":"https:\/\/www.hebi.cz\/co-si-vzit-na-sebe\/","headline":"Co si vz\u00edt na sebe","name":"Co si vz\u00edt na sebe","description":"Ko\u0161ile je dnes b\u011b\u017en\u00fdm od\u011bvn\u00edm svr\u0161kem i pro \u017eeny a d\u00edvky. V l\u00e9t\u011b ji vid\u00edme na v\u0161ech lidech, tak pro\u010d ne. Nem\u00e9n\u011b obl\u00edben\u00e1 jsou tri\u010dka. N\u011bkdo je r\u00e1d nem\u00e1, proto\u017ee se nedaj\u00ed rozepnout, ale p\u0159esto je nos\u00ed. Ov\u0161em m\u00e9n\u011b \u010dast\u011bji ne\u017e ko\u0161ili. Spousta lid\u00ed p\u0159em\u00fd\u0161l\u00ed nad t\u00edm, co si na sebe vz\u00edt, kdy\u017e jdou t\u0159eba...","datePublished":"2025-05-22","dateModified":"2025-05-22","author":{"@type":"Person","@id":"https:\/\/www.hebi.cz\/author\/#Person","name":"","url":"https:\/\/www.hebi.cz\/author\/","identifier":1,"image":{"@type":"ImageObject","@id":"https:\/\/secure.gravatar.com\/avatar\/1aa4d33840e2afc29128e2a456d425ca0d17b173c888af2db652b1d34fe6f93d?s=96&d=mm&r=g","url":"https:\/\/secure.gravatar.com\/avatar\/1aa4d33840e2afc29128e2a456d425ca0d17b173c888af2db652b1d34fe6f93d?s=96&d=mm&r=g","height":96,"width":96}},"publisher":{"@type":"Organization","name":"hebi.cz","logo":{"@type":"ImageObject","@id":"\/logo.png","url":"\/logo.png","width":600,"height":60}},"image":{"@type":"ImageObject","@id":"https:\/\/www.hebi.cz\/wp-content\/uploads\/woman-8223017_640_2.jpg","url":"https:\/\/www.hebi.cz\/wp-content\/uploads\/woman-8223017_640_2.jpg","height":0,"width":0},"url":"https:\/\/www.hebi.cz\/co-si-vzit-na-sebe\/","about":["V\u00fdrobky"],"wordCount":446,"articleBody":"         Ko\u0161ile je dnes b\u011b\u017en\u00fdm od\u011bvn\u00edm svr\u0161kem i pro \u017eeny a d\u00edvky. V l\u00e9t\u011b ji vid\u00edme na v\u0161ech lidech, tak pro\u010d ne. Nem\u00e9n\u011b obl\u00edben\u00e1 jsou tri\u010dka. N\u011bkdo je r\u00e1d nem\u00e1, proto\u017ee se nedaj\u00ed rozepnout, ale p\u0159esto je nos\u00ed. Ov\u0161em m\u00e9n\u011b \u010dast\u011bji ne\u017e ko\u0161ili. Spousta lid\u00ed p\u0159em\u00fd\u0161l\u00ed nad t\u00edm, co si na sebe vz\u00edt, kdy\u017e jdou t\u0159eba b\u011bhat do parku, nebo si cht\u011bj\u00ed vyjet na kole. Nen\u00ed \u017e\u00e1dn\u00e9ho d\u016fvodu, pro\u010d i zde nepou\u017e\u00edt tri\u010dko. Ono je toti\u017e pohodln\u00e9 a kdy\u017e zafouk\u00e1 v\u00edtr, nepokryt\u00e9 \u010d\u00e1sti t\u011bla n\u00e1m p\u011bkn\u011b ochlad\u00ed. Co\u017e je jist\u011b vynikaj\u00edc\u00ed. N\u011bkdy \u010dlov\u011bk vyb\u011bhne ven a div\u00ed se, pro\u010d po n\u011bm ostatn\u00ed sportovci tak divn\u011b koukaj\u00ed. Inu, proto\u017ee si vzal tri\u010dko snad po star\u0161\u00edm bratrovi, nebo snad po d\u011bdovi? V\u0161ichni ji\u017e d\u00e1vno obl\u00e9kaj\u00ed ty nejmodern\u011bj\u0161\u00ed kousky od\u011bvu a tady takov\u00fd \u010dlov\u011bk vyb\u011bhne ven a na sob\u011b m\u00e1 podlahovou hadru. Ten sv\u011bt u\u017e je do\u010dista postaven\u00fd na hlavu. Inu, i mezi lidmi sportuj\u00edc\u00edmi je mo\u017eno dodr\u017eet jak\u00fds tak\u00fds dress code. I kdy\u017e to nen\u00ed v\u00fdslovn\u011b p\u0159edeps\u00e1no. V ka\u017ed\u00e9m p\u0159\u00edpad\u011b by se takov\u00fd \u010dlov\u011bk m\u011bl minim\u00e1ln\u011b informovat na to, co to je triko Craft. Sice je asi vid\u00ed skoro na ka\u017ed\u00e9m b\u011b\u017eci, ale netu\u0161\u00ed, co to v\u016fbec je a netu\u0161\u00ed, pro\u010d by si ho m\u011bl co nejrychleji po\u0159\u00eddit.No p\u0159ece pro jeho vynikaj\u00edc\u00ed vlastnosti, kter\u00e9 u trika za pades\u00e1t korun jen t\u011b\u017eko nalezne. Nav\u00edc se mu to triko odn\u011bkud z asijsk\u00e9 tr\u017enice stejn\u011b po t\u0159et\u00edm vypr\u00e1n\u00ed rozpadne. Barvy z n\u011bj zmizely hned po tom prvn\u00edm vyta\u017een\u00ed z pra\u010dky. I takov\u00e9 triko by se m\u011blo kupovat s rozvahou. Je docela dob\u0159e mo\u017en\u00e9, \u017ee zat\u00edm ani vy netu\u0161\u00edte co je ti triko Craft a proto v\u00e1m nyn\u00ed d\u00e1m n\u00e1vod, jak si takov\u00fd v\u00fdrobek prohl\u00e9dnout a jak si jej tak\u00e9 t\u0159eba ihned objednat. Nen\u00ed na tom v\u016fbec nic slo\u017eit\u00e9ho. O n\u011bco v\u00fd\u0161e v \u010dl\u00e1nku je text jinou barvou, ne\u017e je ten ostatn\u00ed. To je z technick\u00e9ho d\u016fvodu. \u0158\u00edk\u00e1 se tomu odkaz a kdy\u017e na n\u011bj kliknete, tak v\u00e1s to automaticky p\u0159enese do kr\u00e1lovstv\u00ed tri\u010dek \u0159e\u010den\u00e9 firmy.                                                                                                                                                                                                                                                                                                                                                                                           5\/5 - (7 votes)        "},{"@context":"https:\/\/schema.org\/","@type":"BreadcrumbList","itemListElement":[{"@type":"ListItem","position":1,"name":"Co si vz\u00edt na sebe","item":"https:\/\/www.hebi.cz\/co-si-vzit-na-sebe\/#breadcrumbitem"}]}]