[{"@context":"https:\/\/schema.org\/","@type":"Article","@id":"https:\/\/www.hebi.cz\/je-sedaci-vak-dobry-na-dlouhodobe-sezeni\/#Article","mainEntityOfPage":"https:\/\/www.hebi.cz\/je-sedaci-vak-dobry-na-dlouhodobe-sezeni\/","headline":"Je sedac\u00ed vak dobr\u00fd na dlouhodob\u00e9 sezen\u00ed?","name":"Je sedac\u00ed vak dobr\u00fd na dlouhodob\u00e9 sezen\u00ed?","description":"Asi nen\u00ed t\u0159eba \u0159\u00edkat, \u017ee lid\u00e9 maj\u00ed r\u00e1di svoje pohodl\u00ed. A to samoz\u0159ejm\u011b plat\u00ed p\u0159edev\u0161\u00edm p\u0159i odpo\u010dinku. Nen\u00ed tedy divu, \u017ee kdy\u017e si po pr\u00e1ci sedneme, chceme, abychom se c\u00edtili tak dob\u0159e, jak to jen jde. A k tomu je samoz\u0159ejm\u011b d\u016fle\u017eit\u00e9 m\u00edt dostate\u010dn\u011b dobr\u00e9 posezen\u00ed. Ov\u0161em nejen p\u0159i odpo\u010dinku sed\u00edme. Mnoho z n\u00e1s m\u00e1...","datePublished":"2020-03-16","dateModified":"2020-03-16","author":{"@type":"Person","@id":"https:\/\/www.hebi.cz\/author\/#Person","name":"","url":"https:\/\/www.hebi.cz\/author\/","identifier":1,"image":{"@type":"ImageObject","@id":"https:\/\/secure.gravatar.com\/avatar\/1aa4d33840e2afc29128e2a456d425ca0d17b173c888af2db652b1d34fe6f93d?s=96&d=mm&r=g","url":"https:\/\/secure.gravatar.com\/avatar\/1aa4d33840e2afc29128e2a456d425ca0d17b173c888af2db652b1d34fe6f93d?s=96&d=mm&r=g","height":96,"width":96}},"publisher":{"@type":"Organization","name":"hebi.cz","logo":{"@type":"ImageObject","@id":"\/logo.png","url":"\/logo.png","width":600,"height":60}},"image":{"@type":"ImageObject","@id":"https:\/\/www.hebi.cz\/wp-content\/uploads\/beanbag1.png","url":"https:\/\/www.hebi.cz\/wp-content\/uploads\/beanbag1.png","height":0,"width":0},"url":"https:\/\/www.hebi.cz\/je-sedaci-vak-dobry-na-dlouhodobe-sezeni\/","about":["V\u00fdrobky"],"wordCount":471,"articleBody":"   Asi nen\u00ed t\u0159eba \u0159\u00edkat, \u017ee lid\u00e9 maj\u00ed r\u00e1di svoje pohodl\u00ed. A to samoz\u0159ejm\u011b plat\u00ed p\u0159edev\u0161\u00edm p\u0159i odpo\u010dinku. Nen\u00ed tedy divu, \u017ee kdy\u017e si po pr\u00e1ci sedneme, chceme, abychom se c\u00edtili tak dob\u0159e, jak to jen jde. A k tomu je samoz\u0159ejm\u011b d\u016fle\u017eit\u00e9 m\u00edt dostate\u010dn\u011b dobr\u00e9 posezen\u00ed.Ov\u0161em nejen p\u0159i odpo\u010dinku sed\u00edme. Mnoho z n\u00e1s m\u00e1 tak\u00e9 to, \u010demu se \u0159\u00edk\u00e1 \u201esedav\u00e9 zam\u011bstn\u00e1n\u00ed\u201c. To v podstat\u011b znamen\u00e1, \u017ee b\u011bhem pracovn\u00ed doby sed\u00ed a pracuj\u00ed p\u0159edev\u0161\u00edm hlavou. Pat\u0159\u00ed sem nejr\u016fzn\u011bj\u0161\u00ed kancel\u00e1\u0159sk\u00e9 profese, ale tak\u00e9 jsou zde zahrnuti nap\u0159\u00edklad telefonn\u00ed oper\u00e1to\u0159i \u010di pracovn\u00edci call center.Ot\u00e1zkou v\u0161ak je, na \u010dem bychom m\u011bli sed\u011bt. Jist\u011b, pro n\u00e1s je pohodlnost nejd\u016fle\u017eit\u011bj\u0161\u00ed, av\u0161ak nen\u00ed to jedin\u00e9, a p\u0159edev\u0161\u00edm by nem\u011blo ani zdaleka b\u00fdt t\u00edm nejd\u016fle\u017eit\u011bj\u0161\u00edm hlediskem. Plat\u00ed to zvl\u00e1\u0161t\u011b v p\u0159\u00edpad\u011b, \u017ee zde budeme sed\u011bt dlouhodob\u011b a to i n\u011bkolik hodin denn\u011b. P\u0159\u00edkladem m\u016f\u017ee b\u00fdt ji\u017e zm\u00edn\u011bn\u00e1 pr\u00e1ce.V\u011bt\u0161inou si v tomto p\u0159\u00edpad\u011b p\u0159edstav\u00edme k\u0159eslo \u010di \u017eidli, av\u0161ak v posledn\u00edch letech se za\u010d\u00edn\u00e1 dost\u00e1vat do m\u00f3dy sedac\u00ed vak http:\/\/www.beanbag.cz\/. O co se jedn\u00e1?Ve sv\u00e9 podstat\u011b jde o l\u00e1tkov\u00fd pytel, napln\u011bn\u00fd jemn\u011bj\u0161\u00edm materi\u00e1lem. Obvykle se k tomuto \u00fa\u010delu pou\u017e\u00edvaj\u00ed polystyrenov\u00e9 kuli\u010dky, av\u0161ak m\u016f\u017eeme pou\u017e\u00edt i jin\u00e9 v\u011bci. Jeho p\u0159ednost\u00ed je velk\u00e1 tvarovatelnost a flexibilita \u2013 \u010dlov\u011bk si jej m\u016f\u017ee vytvarovat tak, jak pot\u0159ebuje. Nav\u00edc je velmi snadno p\u0159enositeln\u00fd a skladn\u00fd \u2013 kdy\u017e jej nepot\u0159ebujete, je jednoduch\u00e9 ulo\u017eit jej do sk\u0159\u00edn\u011b nebo nap\u0159\u00edklad pod postel.To v\u0161e zn\u00ed dob\u0159e, m\u00e1 ale i n\u011bjak\u00e9 nev\u00fdhody? Odpov\u011b\u010f je, \u017ee bohu\u017eel ano, a to je i d\u016fvod, pro\u010d se b\u011b\u017en\u011b nepou\u017e\u00edvaj\u00ed v zam\u011bstn\u00e1n\u00edch.T\u00edm prvn\u00edm je fakt, \u017ee nemaj\u00ed pevn\u00e9 op\u011brky pro ruce ani pro z\u00e1da. To znamen\u00e1, \u017ee neumo\u017e\u0148uj\u00ed korektn\u00ed sed, kter\u00fd je d\u016fle\u017eit\u00fd p\u0159i p\u0159edch\u00e1zen\u00ed probl\u00e9m\u016f se z\u00e1dy a s p\u00e1te\u0159\u00ed p\u0159i dlouhodob\u00e9m sezen\u00ed.D\u00e1le zde m\u00e1me skute\u010dnost, \u017ee by v tomto p\u0159\u00edpad\u011b bylo nutn\u00e9 sed\u011bt prakticky na zemi. A to by znamenalo p\u0159edev\u0161\u00edm velmi nepohodln\u00e9 vst\u00e1v\u00e1n\u00ed, p\u0159edev\u0161\u00edm pro ty, kdo maj\u00ed probl\u00e9my s kolenn\u00edmi klouby.Pokud se v\u00e1m v\u0161ak p\u0159esto zamlouv\u00e1, nic v\u00e1m nebr\u00e1n\u00ed po\u0159\u00eddit si jej dom\u016f.                                                                                                                                                                                                                                                                                                                                                                                          4.1\/5 - (9 votes)        "},{"@context":"https:\/\/schema.org\/","@type":"BreadcrumbList","itemListElement":[{"@type":"ListItem","position":1,"name":"Je sedac\u00ed vak dobr\u00fd na dlouhodob\u00e9 sezen\u00ed?","item":"https:\/\/www.hebi.cz\/je-sedaci-vak-dobry-na-dlouhodobe-sezeni\/#breadcrumbitem"}]}]