[{"@context":"https:\/\/schema.org\/","@type":"Article","@id":"https:\/\/www.hebi.cz\/kam-s-tim\/#Article","mainEntityOfPage":"https:\/\/www.hebi.cz\/kam-s-tim\/","headline":"Kam s t\u00edm?","name":"Kam s t\u00edm?","description":"Jist\u011b to zn\u00e1te tak\u00e9. I kdy\u017e m\u00e1te sebev\u011bt\u0161\u00ed d\u016fm, v\u017edy se najde chvilka, kdy pot\u0159ebujete n\u011bkam d\u00e1t jakoukoli v\u011bc, ale nem\u00e1te ji do \u010deho d\u00e1t. Tak\u017ee popadnete prvn\u00ed krabici, kterou nejdete. Jen\u017ee ta m\u00e1 slab\u00e9 dno a v\u011bci z n\u00ed ob\u010das vypadnou. Nu a nedej \u010dert, aby tak bylo pot\u0159eba uchovat n\u011bco v\u011bt\u0161\u00edho. T\u00fd\u017e probl\u00e9m...","datePublished":"2023-02-24","dateModified":"2023-02-24","author":{"@type":"Person","@id":"https:\/\/www.hebi.cz\/author\/#Person","name":"","url":"https:\/\/www.hebi.cz\/author\/","identifier":1,"image":{"@type":"ImageObject","@id":"https:\/\/secure.gravatar.com\/avatar\/1aa4d33840e2afc29128e2a456d425ca0d17b173c888af2db652b1d34fe6f93d?s=96&d=mm&r=g","url":"https:\/\/secure.gravatar.com\/avatar\/1aa4d33840e2afc29128e2a456d425ca0d17b173c888af2db652b1d34fe6f93d?s=96&d=mm&r=g","height":96,"width":96}},"publisher":{"@type":"Organization","name":"hebi.cz","logo":{"@type":"ImageObject","@id":"\/logo.png","url":"\/logo.png","width":600,"height":60}},"image":{"@type":"ImageObject","@id":"https:\/\/www.hebi.cz\/wp-content\/uploads\/wooden_crate_box_wood.jpg","url":"https:\/\/www.hebi.cz\/wp-content\/uploads\/wooden_crate_box_wood.jpg","height":0,"width":0},"url":"https:\/\/www.hebi.cz\/kam-s-tim\/","about":["Slu\u017eby"],"wordCount":416,"articleBody":"         Jist\u011b to zn\u00e1te tak\u00e9. I kdy\u017e m\u00e1te sebev\u011bt\u0161\u00ed d\u016fm, v\u017edy se najde chvilka, kdy pot\u0159ebujete n\u011bkam d\u00e1t jakoukoli v\u011bc, ale nem\u00e1te ji do \u010deho d\u00e1t. Tak\u017ee popadnete prvn\u00ed krabici, kterou nejdete. Jen\u017ee ta m\u00e1 slab\u00e9 dno a v\u011bci z n\u00ed ob\u010das vypadnou. Nu a nedej \u010dert, aby tak bylo pot\u0159eba uchovat n\u011bco v\u011bt\u0161\u00edho. T\u00fd\u017e probl\u00e9m maj\u00ed podnikatel\u00e9, nebo \u0161\u00e9fov\u00e9 firem. Zejm\u00e9na t\u011bch v\u00fdrobn\u00edch. Zbo\u017e\u00ed je hotovo, bedny nikde, jako by je n\u011bkdo \u201e\u017eral\u201c. Pro\u0161el jsem nejednou firmou za sv\u016fj \u017eivot a ten probl\u00e9m byl naprosto v ka\u017ed\u00e9. V\u0161ichni d\u011bln\u00edci se domn\u00edvali, \u017ee je n\u011bkde pobl\u00ed\u017e n\u011bjak\u00fd bedno\u017erout \u010derven\u00fd, \u010derven\u00fd kv\u016fli komunist\u016fm. R\u00e1no p\u0159ivezl traktor pades\u00e1t a\u017e sto beden a po sva\u010din\u011b nebyla ani jedna. Nav\u00edc zde mo\u017eno pohovo\u0159it o kvalit\u011b. Byly plechov\u00e9, je snad t\u0159eba je\u0161t\u011b n\u011bco dod\u00e1vat, kdy\u017e se do nich cpalo t\u011b\u017ek\u00e9 \u017eelezo? Nebyl jsem v provozu v\u00edce ne\u017e dvacet let tak nev\u00edm, zda se je\u0161t\u011b pou\u017e\u00edvaj\u00ed, ale domn\u00edv\u00e1m se, \u017ee ano. P\u0159ece nejdou nahradit. I kdy\u017e\u2026 N\u011bjak\u00e1 n\u00e1hrada by tu jist\u011b byla. Sta\u010d\u00ed se rozhl\u00e9dnou kolem a hle, co nevid\u00edme? N\u011bco podobn\u00e9ho, ale u\u017e se tomu ne\u0159\u00edk\u00e1 bedna, ale skladovac\u00ed kontejner. A vypad\u00e1 n\u00e1dhern\u011b. S t\u00edm pracovat, p\u0159ev\u00e1\u017eet zbo\u017e\u00ed nap\u0159\u00edklad mus\u00ed b\u00fdt p\u0159\u00edmo radost. Za m\u00e9ho ml\u00e1d\u00ed jste museli kdekoli ve fabrice spla\u0161it paletu a na ni skl\u00e1dat t\u0159eba deset beden. Nyn\u00ed jsou skladovac\u00ed kontejnery \u0159e\u0161eny tak, \u017ee maj\u00ed u\u017e paletov\u00fd podstavec p\u0159\u00edmo v sob\u011b. To je, pane, v\u011bci\u010dka. Nu\u017ee, p\u00e1ni \u0161\u00e9fov\u00e9, nechcete to n\u00e1hodou zkusit? Ne, nemus\u00edte je kupovat, to v\u00e1m nikdo nep\u0159ikazuje. Na za\u010d\u00e1tek si vyzkou\u0161ejte pron\u00e1jem skladovac\u00edho kontejneru. Jak to funguje? Nen\u00ed to nic slo\u017eit\u00e9ho, co by se nedalo zvl\u00e1dnout. Tak\u017ee si klikn\u011bte na odkaz v\u00fd\u0161e v \u010dl\u00e1nku, na ten jinak barevn\u00fd text a hned budete p\u0159esm\u011brov\u00e1n\u00ed p\u0159\u00edmo na web firmy, kter\u00e1 se pron\u00e1jmem t\u011bchto kontejneru zab\u00fdv\u00e1. Zde se dozv\u00edte dal\u0161\u00ed detaily a ty dal\u0161\u00ed podstatn\u00e9 a posledn\u00ed v\u00e1m u\u017e \u0159eknou sami.                                                                                                                                                                                                                                                                                                                                                                                           4\/5 - (7 votes)        "},{"@context":"https:\/\/schema.org\/","@type":"BreadcrumbList","itemListElement":[{"@type":"ListItem","position":1,"name":"Kam s t\u00edm?","item":"https:\/\/www.hebi.cz\/kam-s-tim\/#breadcrumbitem"}]}]