[{"@context":"https:\/\/schema.org\/","@type":"Article","@id":"https:\/\/www.hebi.cz\/kniha-na-chate\/#Article","mainEntityOfPage":"https:\/\/www.hebi.cz\/kniha-na-chate\/","headline":"Kniha na chat\u011b","name":"Kniha na chat\u011b","description":"Cestujete ka\u017ed\u00fd p\u00e1tek na chalupu, abyste tu pro\u017eili voln\u00fd v\u00edkend a v ned\u011bli nave\u010der zas putovali zp\u011bt do centra p\u0159elidn\u011bn\u00e9ho m\u011bsta? A p\u0159ipad\u00e1te si jako folkov\u00e1 legenda Wabi Dan\u011bk v jeho p\u00edsni \u201eRo\u010dn\u00edk 47\u201c, jemu\u017e tak\u00e9 vadilo m\u00edt jen dva dny volna v b\u011b\u017en\u00e9m t\u00fddnu a v\u011bt\u0161inu \u010dasu v\u011bnovat pracovn\u00ed \u010dinnost? Pak si pro \u00fat\u011bchu...","datePublished":"2025-05-21","dateModified":"2025-05-21","author":{"@type":"Person","@id":"https:\/\/www.hebi.cz\/author\/#Person","name":"","url":"https:\/\/www.hebi.cz\/author\/","identifier":1,"image":{"@type":"ImageObject","@id":"https:\/\/secure.gravatar.com\/avatar\/1aa4d33840e2afc29128e2a456d425ca0d17b173c888af2db652b1d34fe6f93d?s=96&d=mm&r=g","url":"https:\/\/secure.gravatar.com\/avatar\/1aa4d33840e2afc29128e2a456d425ca0d17b173c888af2db652b1d34fe6f93d?s=96&d=mm&r=g","height":96,"width":96}},"publisher":{"@type":"Organization","name":"hebi.cz","logo":{"@type":"ImageObject","@id":"\/logo.png","url":"\/logo.png","width":600,"height":60}},"url":"https:\/\/www.hebi.cz\/kniha-na-chate\/","about":["V\u00fdrobky"],"wordCount":247,"articleBody":"          Cestujete ka\u017ed\u00fd p\u00e1tek na chalupu, abyste tu pro\u017eili voln\u00fd v\u00edkend a v ned\u011bli nave\u010der zas putovali zp\u011bt do centra p\u0159elidn\u011bn\u00e9ho m\u011bsta? A p\u0159ipad\u00e1te si jako folkov\u00e1 legenda Wabi Dan\u011bk v jeho p\u00edsni \u201eRo\u010dn\u00edk 47\u201c, jemu\u017e tak\u00e9 vadilo m\u00edt jen dva dny volna v b\u011b\u017en\u00e9m t\u00fddnu a v\u011bt\u0161inu \u010dasu v\u011bnovat pracovn\u00ed \u010dinnost? Pak si pro \u00fat\u011bchu v\u017edy p\u0159ibalujte do sv\u00fdch zavazadel i obl\u00edbenou kn\u00ed\u017eku a v\u011bnujte alespo\u0148 p\u00e1r hodin \u010detb\u011b pro radost. \u010cten\u00ed pozitivn\u011b lad\u011bn\u00fdch knih klidn\u00ed mysl a zlep\u0161uje n\u00e1ladu a sn\u00e1ze t\u00edm p\u0159eklenete obt\u00ed\u017ee, na jejich\u017e \u0159e\u0161en\u00ed jsme prozat\u00edm v\u0161ichni kr\u00e1tc\u00ed. Kniha v bezpe\u010d\u00ed \u010cten\u00ed knih p\u0159esouv\u00e1 my\u0161lenky jinam, do odli\u0161n\u00e9 reality, kterou si pak m\u016f\u017eeme malovat jako ide\u00e1ln\u00ed, a t\u00edm se tak\u00e9 dok\u00e1\u017eeme l\u00e9pe zklidnit a vzdorovat stresu. Knihu byste m\u011bli m\u00edt zabalenou do ochrann\u00e9ho l\u00e1tkov\u00e9ho, ru\u010dn\u011b \u0161it\u00e9ho l\u00e1tkov\u00e9ho obalu na knihu, s n\u00edm bude v\u00e1\u0161 pr\u016fvodce voln\u00fdm \u010dasem v bezpe\u010d\u00ed a tak\u00e9 dob\u0159e na o\u010d\u00edch, zvl\u00e1\u0161t\u011b pokud si vyberete zaj\u00edmavou pestrobarevnou variantu potisku textiln\u00ed l\u00e1tky. Ru\u010dn\u011b \u0161it\u00e9 obaly na knihy tak\u00e9 mohou b\u00fdt vhodn\u00fdm d\u00e1rkem va\u0161im bl\u00edzk\u00fdm.                                                                                                                                                                                                                                                                                                                                                                                          5\/5 - (7 votes)        "},{"@context":"https:\/\/schema.org\/","@type":"BreadcrumbList","itemListElement":[{"@type":"ListItem","position":1,"name":"Kniha na chat\u011b","item":"https:\/\/www.hebi.cz\/kniha-na-chate\/#breadcrumbitem"}]}]