[{"@context":"https:\/\/schema.org\/","@type":"Article","@id":"https:\/\/www.hebi.cz\/neni-to-casto-zadna-slava\/#Article","mainEntityOfPage":"https:\/\/www.hebi.cz\/neni-to-casto-zadna-slava\/","headline":"Nen\u00ed to \u010dasto \u017e\u00e1dn\u00e1 sl\u00e1va","name":"Nen\u00ed to \u010dasto \u017e\u00e1dn\u00e1 sl\u00e1va","description":"Kdy\u017e se pod\u00edv\u00e1me na technick\u00e9 vymo\u017eenosti, kter\u00e9 u n\u00e1s m\u00e1me, m\u016f\u017eeme na prvn\u00ed pohled j\u00e1sat. Proto\u017ee m\u00e1me snad v\u0161echno, co n\u00e1s jenom napadne, \u017ee bychom pot\u0159ebovali. M\u00e1me, na co jenom pomysl\u00edme. Jen\u017ee sou\u010dasn\u011b si netrouf\u00e1m tvrdit, \u017ee jsme v\u00a0tomto ohledu jednozna\u010dn\u011b vysp\u011bl\u00ed. Proto\u017ee sice spoustu technick\u00fdch vymo\u017eenost\u00ed m\u00e1me, jen\u017ee co se t\u00fdk\u00e1 jejich kvality, ta...","datePublished":"2023-02-22","dateModified":"2023-02-22","author":{"@type":"Person","@id":"https:\/\/www.hebi.cz\/author\/#Person","name":"","url":"https:\/\/www.hebi.cz\/author\/","identifier":1,"image":{"@type":"ImageObject","@id":"https:\/\/secure.gravatar.com\/avatar\/1aa4d33840e2afc29128e2a456d425ca0d17b173c888af2db652b1d34fe6f93d?s=96&d=mm&r=g","url":"https:\/\/secure.gravatar.com\/avatar\/1aa4d33840e2afc29128e2a456d425ca0d17b173c888af2db652b1d34fe6f93d?s=96&d=mm&r=g","height":96,"width":96}},"publisher":{"@type":"Organization","name":"hebi.cz","logo":{"@type":"ImageObject","@id":"\/logo.png","url":"\/logo.png","width":600,"height":60}},"image":{"@type":"ImageObject","@id":"https:\/\/www.hebi.cz\/wp-content\/uploads\/t_5.jpg","url":"https:\/\/www.hebi.cz\/wp-content\/uploads\/t_5.jpg","height":0,"width":0},"url":"https:\/\/www.hebi.cz\/neni-to-casto-zadna-slava\/","about":["Technika"],"wordCount":466,"articleBody":"Kdy\u017e se pod\u00edv\u00e1me na technick\u00e9 vymo\u017eenosti, kter\u00e9 u n\u00e1s m\u00e1me, m\u016f\u017eeme na prvn\u00ed pohled j\u00e1sat. Proto\u017ee m\u00e1me snad v\u0161echno, co n\u00e1s jenom napadne, \u017ee bychom pot\u0159ebovali. M\u00e1me, na co jenom pomysl\u00edme.Jen\u017ee sou\u010dasn\u011b si netrouf\u00e1m tvrdit, \u017ee jsme v\u00a0tomto ohledu jednozna\u010dn\u011b vysp\u011bl\u00ed. Proto\u017ee sice spoustu technick\u00fdch vymo\u017eenost\u00ed m\u00e1me, jen\u017ee co se t\u00fdk\u00e1 jejich kvality, ta velice \u010dasto pokulh\u00e1v\u00e1. A to t\u0159eba i hodn\u011b.P\u0159\u00edklad\u016f by se dalo uv\u00e9st opravdu mnoho. Pod\u00edv\u00e1me-li se na to, kolik vydr\u017eela kdysi technika na\u0161ich rodi\u010d\u016f a jakou \u017eivotnost maj\u00ed jej\u00ed dne\u0161n\u00ed alternativy, je z\u00a0toho \u010dlov\u011bku smutno. Obzvl\u00e1\u0161t\u011b kdy\u017e si uv\u011bdom\u00ed, \u017ee ony star\u00e9 v\u00fdrobky \u010dasto vznikaly v\u00a0\u00e9\u0159e socialismu, kter\u00e1 se nevyzna\u010dovala zrovna zodpov\u011bdn\u00fdm p\u0159\u00edstupem k\u00a0pr\u00e1ci a skv\u011bl\u00fdmi v\u00fdsledky.M\u00e1m nap\u0159\u00edklad mix\u00e9r po rodi\u010d\u00edch. \u017d\u00e1dn\u00fd technick\u00fd z\u00e1zrak, ale sv\u016fj \u00fa\u010del pln\u00ed. A to pamatuje je\u0161t\u011b moje hodn\u011b vzd\u00e1len\u00e9 d\u011btstv\u00ed. A p\u0159esto vydr\u017eel bez \u00fajmy dodnes.Nebo kdy\u017e si vezmu dejme tomu sv\u016fj prvn\u00ed po\u010d\u00edta\u010d je\u0161t\u011b z\u00a0p\u0159elomu tis\u00edcilet\u00ed. Vydr\u017eel mi patn\u00e1ct let a vydr\u017eel by je\u0161t\u011b d\u00e9le, kdyby prost\u011b Windows 98 nezastaraly a \u0161lo na nich spou\u0161t\u011bt i to nov\u00e9, co u\u017e si \u017e\u00e1dalo nov\u011bj\u0161\u00ed programy. Po\u010d\u00edta\u010d, kter\u00fd n\u00e1sledoval, u\u017e vydr\u017eel jenom n\u011bkolik let.Nebo co seka\u010dka na tr\u00e1vu? I tu jsem zd\u011bdil po rodi\u010d\u00edch a vydr\u017eela minim\u00e1ln\u011b deset let, a ta druh\u00e1, kterou m\u011bli do rezervy, slou\u017e\u00ed dodnes. A moje nov\u00e1 vydr\u017eela p\u0159esn\u011b jedno l\u00e9to plus jedno sek\u00e1n\u00ed dal\u0161\u00ed rok na ja\u0159e. A bylo po n\u00ed. Byla v\u00a0z\u00e1ruce, ale\u2026 P\u0159i cen\u011b n\u011bkolika tis\u00edc to nem\u011blo cenu nech\u00e1vat opravovat.Prost\u011b se n\u00e1m nab\u00edz\u00ed st\u00e1le nov\u00e9 a nov\u00e9 technick\u00e9 vymo\u017eenosti kter\u00e9 n\u00e1m maj\u00ed usnad\u0148ovat \u017eivot. A tak\u00e9 n\u00e1m ho usnad\u0148uj\u00ed. Jen\u017ee dnes u\u017e \u010dasto nevydr\u017e\u00ed d\u00e9le, ne\u017e je z\u00e1ru\u010dn\u00ed lh\u016fta. A pak se \u010dlov\u011bk dozv\u00ed, \u017ee se to vlastn\u011b ani nevyplat\u00ed opravovat. \u017de by to bylo drah\u00e9 nebo nejsou n\u00e1hradn\u00ed d\u00edly. A tak se to m\u00e1 vyhodit a koupit n\u011bco nov\u00e9ho. A co n\u00e1m zb\u00fdv\u00e1? Plat\u00edme a plat\u00edme. A nejen to. Tak\u00e9 si ni\u010d\u00edme on\u00edm odpadem p\u0159\u00edrodu, plundrujeme zdroje. A naivn\u011b o tom tvrd\u00edme, \u017ee je to zn\u00e1mka na\u0161\u00ed vysp\u011blosti. J\u00e1 si ale mysl\u00edm, \u017ee nen\u00ed.                                                                                                                                                                                                                                                                                                                                                                                        4.2\/5 - (5 votes)        "},{"@context":"https:\/\/schema.org\/","@type":"BreadcrumbList","itemListElement":[{"@type":"ListItem","position":1,"name":"Nen\u00ed to \u010dasto \u017e\u00e1dn\u00e1 sl\u00e1va","item":"https:\/\/www.hebi.cz\/neni-to-casto-zadna-slava\/#breadcrumbitem"}]}]