[{"@context":"https:\/\/schema.org\/","@type":"Article","@id":"https:\/\/www.hebi.cz\/nerezignujme-na-sve-zdravi\/#Article","mainEntityOfPage":"https:\/\/www.hebi.cz\/nerezignujme-na-sve-zdravi\/","headline":"Nerezignujme na sv\u00e9 zdrav\u00ed","name":"Nerezignujme na sv\u00e9 zdrav\u00ed","description":"Sedav\u00e9 zam\u011bstn\u00e1n\u00ed je dnes bohu\u017eel jedn\u00edm z nejroz\u0161\u00ed\u0159en\u011bj\u0161\u00edch typ\u016f pr\u00e1ce. Cel\u00fd den sed\u011bt shrben\u00fd na \u017eidli, o\u010di up\u0159en\u00e9 do monitoru po\u010d\u00edta\u010de. A ve\u010der? M\u00edsto proch\u00e1zky rad\u011bji autem dom\u016f, na po\u0159\u00e1dnou ve\u010de\u0159i. A o tom, \u017ee je v pr\u00e1ci plno shonu a stresu, rad\u011bji ani nehovo\u0159\u00edme. Mysl\u00edte, \u017ee je takov\u00fd \u017eivotn\u00ed styl z dlouhodob\u00e9ho hlediska pro...","datePublished":"2024-10-24","dateModified":"2024-10-24","author":{"@type":"Person","@id":"https:\/\/www.hebi.cz\/author\/#Person","name":"","url":"https:\/\/www.hebi.cz\/author\/","identifier":1,"image":{"@type":"ImageObject","@id":"https:\/\/secure.gravatar.com\/avatar\/1aa4d33840e2afc29128e2a456d425ca0d17b173c888af2db652b1d34fe6f93d?s=96&d=mm&r=g","url":"https:\/\/secure.gravatar.com\/avatar\/1aa4d33840e2afc29128e2a456d425ca0d17b173c888af2db652b1d34fe6f93d?s=96&d=mm&r=g","height":96,"width":96}},"publisher":{"@type":"Organization","name":"hebi.cz","logo":{"@type":"ImageObject","@id":"\/logo.png","url":"\/logo.png","width":600,"height":60}},"url":"https:\/\/www.hebi.cz\/nerezignujme-na-sve-zdravi\/","wordCount":258,"articleBody":"Sedav\u00e9 zam\u011bstn\u00e1n\u00ed je dnes bohu\u017eel jedn\u00edm z nejroz\u0161\u00ed\u0159en\u011bj\u0161\u00edch typ\u016f pr\u00e1ce. Cel\u00fd den sed\u011bt shrben\u00fd na \u017eidli, o\u010di up\u0159en\u00e9 do monitoru po\u010d\u00edta\u010de. A ve\u010der? M\u00edsto proch\u00e1zky rad\u011bji autem dom\u016f, na po\u0159\u00e1dnou ve\u010de\u0159i. A o tom, \u017ee je v pr\u00e1ci plno shonu a stresu, rad\u011bji ani nehovo\u0159\u00edme. Mysl\u00edte, \u017ee je takov\u00fd \u017eivotn\u00ed styl z dlouhodob\u00e9ho hlediska pro n\u00e1\u0161 organismus ide\u00e1ln\u00ed? Mysl\u00edte, \u017ee Va\u0161e t\u011blo m\u016f\u017ee perfektn\u011b fungovat, kdy\u017e mu nev\u011bnujete p\u0159\u00edli\u0161 p\u00e9\u010de? Nenam\u00edtejte, \u017ee nen\u00ed \u010das, \u0159e\u0161en\u00ed existuje i pro ty nejvyt\u00ed\u017een\u011bj\u0161\u00ed.\tPe\u010dujme o sebe bez n\u00e1mahyA co kdy\u017e V\u00e1m \u0159ekneme, \u017ee \u0159e\u0161en\u00ed existuje a nav\u00edc bude velmi p\u0159\u00edjemn\u00e9 a rozhodn\u011b V\u00e1s to nebude st\u00e1t \u017e\u00e1dnou n\u00e1mahu? Nev\u011b\u0159\u00edte n\u00e1m? P\u0159esv\u011bd\u010d\u00ed V\u00e1s o tom nafukovac\u00ed v\u00ed\u0159ivka, kterou V\u00e1m nab\u00edz\u00edme k dod\u00e1n\u00ed t\u0159eba do p\u00e1r dn\u016f. Vyberte si typ, kter\u00fd bude nejl\u00e9pe vyhovovat Va\u0161im pot\u0159eb\u00e1m vzhledem k velikosti, a pak ji\u017e jen \u010dekejte. Ji\u017e za p\u00e1r dn\u016f si budete moci neru\u0161en\u011b u\u017e\u00edvat blahod\u00e1rn\u00e9 mas\u00e1\u017ee. Ulev\u00edte sv\u00fdm sval\u016fm, kloub\u016fm a z\u00e1d\u016fm, podpo\u0159\u00edte krevn\u00ed ob\u011bh a odplav\u00edte v\u0161echen stres, navod\u00edte si dobrou n\u00e1ladu. A to p\u0159ece nen\u00ed m\u00e1lo, souhlas\u00edte?                                                                                                                                                                                                                                                                                                                                                                                        4\/5 - (6 votes)        "},{"@context":"https:\/\/schema.org\/","@type":"BreadcrumbList","itemListElement":[{"@type":"ListItem","position":1,"name":"Nerezignujme na sv\u00e9 zdrav\u00ed","item":"https:\/\/www.hebi.cz\/nerezignujme-na-sve-zdravi\/#breadcrumbitem"}]}]