[{"@context":"https:\/\/schema.org\/","@type":"Article","@id":"https:\/\/www.hebi.cz\/oslava-narozenin-a-dulezita-prani\/#Article","mainEntityOfPage":"https:\/\/www.hebi.cz\/oslava-narozenin-a-dulezita-prani\/","headline":"Oslava narozenin a d\u016fle\u017eit\u00e1 p\u0159\u00e1n\u00ed.","name":"Oslava narozenin a d\u016fle\u017eit\u00e1 p\u0159\u00e1n\u00ed.","description":"Oslava narozenin za\u010d\u00edn\u00e1 skoro v\u017edycky tak, \u017ee se sejdou oslavencova rodina, p\u0159\u00e1tel\u00e9 a zn\u00e1m\u00ed a p\u0159ej\u00ed mu: \u201eHodn\u011b zdrav\u00ed, l\u00e1sky a \u0161t\u011bst\u00ed a pak je\u0161t\u011b mnoho r\u016fzn\u00e9ho jin\u00e9ho, podle n\u00e1tury blahop\u0159ej\u00edc\u00edho. Nej\u010dast\u011bji si navz\u00e1jem p\u0159ejeme zdrav\u00ed. Je d\u016fle\u017eit\u00e9. Opravdu. Pokud zdrav\u00ed sch\u00e1z\u00ed, \u010dlov\u011bk je ve sv\u00e9 \u010dinnosti omezen, nedok\u00e1\u017ee naplno vyu\u017e\u00edt sv\u016fj potenci\u00e1l \u2013 fyzick\u00fd...","datePublished":"2024-10-17","dateModified":"2024-10-17","author":{"@type":"Person","@id":"https:\/\/www.hebi.cz\/author\/#Person","name":"","url":"https:\/\/www.hebi.cz\/author\/","identifier":1,"image":{"@type":"ImageObject","@id":"https:\/\/secure.gravatar.com\/avatar\/1aa4d33840e2afc29128e2a456d425ca0d17b173c888af2db652b1d34fe6f93d?s=96&d=mm&r=g","url":"https:\/\/secure.gravatar.com\/avatar\/1aa4d33840e2afc29128e2a456d425ca0d17b173c888af2db652b1d34fe6f93d?s=96&d=mm&r=g","height":96,"width":96}},"publisher":{"@type":"Organization","name":"hebi.cz","logo":{"@type":"ImageObject","@id":"\/logo.png","url":"\/logo.png","width":600,"height":60}},"url":"https:\/\/www.hebi.cz\/oslava-narozenin-a-dulezita-prani\/","wordCount":363,"articleBody":"Oslava narozenin za\u010d\u00edn\u00e1 skoro v\u017edycky tak, \u017ee se sejdou oslavencova rodina, p\u0159\u00e1tel\u00e9 a zn\u00e1m\u00ed a p\u0159ej\u00ed mu: \u201eHodn\u011b zdrav\u00ed, l\u00e1sky a \u0161t\u011bst\u00ed a pak je\u0161t\u011b mnoho r\u016fzn\u00e9ho jin\u00e9ho, podle n\u00e1tury blahop\u0159ej\u00edc\u00edho. Nej\u010dast\u011bji si navz\u00e1jem p\u0159ejeme zdrav\u00ed. Je d\u016fle\u017eit\u00e9. Opravdu. Pokud zdrav\u00ed sch\u00e1z\u00ed, \u010dlov\u011bk je ve sv\u00e9 \u010dinnosti omezen, nedok\u00e1\u017ee naplno vyu\u017e\u00edt sv\u016fj potenci\u00e1l \u2013 fyzick\u00fd ani du\u0161evn\u00ed. Nem\u016f\u017ee naplno \u017e\u00edt. K dobr\u00e9mu \u017eivotu pat\u0159\u00ed taky \u0161t\u011bst\u00ed. To tak\u00e9 pot\u0159ebujeme v\u0161ichni. Mo\u017en\u00e1 pr\u00e1v\u011b proto, abychom nedostali n\u011bjakou o\u0161klivou nemoc. Ona ani pov\u011bstn\u00e1 \u201er\u00fdmi\u010dka a ka\u0161\u00edlek\u201c nejsou nic moc p\u0159\u00edjemn\u00e9ho. A \u0161t\u011bst\u00ed m\u00e1 ten, kdo jim dok\u00e1\u017ee p\u0159edch\u00e1zet a vyhnout se jim. L\u00e1sku taky pot\u0159ebuje ka\u017ed\u00fd. Bez n\u00ed se ned\u00e1 \u017e\u00edt. Kdo je odsouzen k \u017eivotu bez l\u00e1sky, ch\u0159adne, morousovat\u00ed a pomalu um\u00edr\u00e1. Dnes mnoho lid\u00ed \u017eije takzvan\u011b \u201esingl\u201c. Mlad\u00ed mnohdy z\u00e1m\u011brn\u011b, ti star\u0161\u00ed proto, \u017ee k tomu byli \u017eivotn\u00edmi okolnostmi odsouzeni. Tak\u017ee p\u0159\u00e1n\u00ed l\u00e1sky je opr\u00e1vn\u011bn\u00e9. N\u011bjak\u00e1 oslavaje \u010dasto jedna z m\u00e1la p\u0159\u00edle\u017eitost\u00ed, kdy se tito lid\u00e9 dostanou do spole\u010dnosti nebo je n\u011bkdo p\u0159ijde nav\u0161t\u00edvit. Je to l\u00e9k na samotu.\tSlavme s radost\u00edAle i kdy\u017e \u017eije \u010dlov\u011bk s\u00e1m, m\u011bl by sv\u00e9 narozen\u00ed slavit. T\u0159eba jen proto, \u017ee JE. Ud\u011blat si radost n\u011bjak\u00fdm d\u00e1rkem, podniknout n\u011bco, co jindy ned\u011bl\u00e1. Prost\u011b jen tak. Je to cesta k lep\u0161\u00edmu du\u0161evn\u00edmu a t\u00edm i fyzick\u00e9mu zdrav\u00ed. No a jsme zase na za\u010d\u00e1tku. Mo\u017en\u00e1 oslava narozenin \u010dek\u00e1 n\u011bkter\u00e9 z v\u00e1s je\u0161t\u011b dnes, z\u00edtra nebo v nejbli\u017e\u0161\u00edch dnech. Myslete sv\u00e1 vyslovovan\u00e1 p\u0159\u00e1n\u00ed opravdu od srdce, aby mohla b\u00fdt skute\u010dn\u011b p\u0159ed\u00e1na. A vy, oslavenci, ze srdce ta blahop\u0159\u00e1n\u00ed p\u0159ijm\u011bte, aby se mohla ve va\u0161ich \u017eivotech uskute\u010dnit.                                                                                                                                                                                                                                                                                                                                                                                        3.5\/5 - (2 votes)        "},{"@context":"https:\/\/schema.org\/","@type":"BreadcrumbList","itemListElement":[{"@type":"ListItem","position":1,"name":"Oslava narozenin a d\u016fle\u017eit\u00e1 p\u0159\u00e1n\u00ed.","item":"https:\/\/www.hebi.cz\/oslava-narozenin-a-dulezita-prani\/#breadcrumbitem"}]}]