[{"@context":"https:\/\/schema.org\/","@type":"Article","@id":"https:\/\/www.hebi.cz\/za-hranice\/#Article","mainEntityOfPage":"https:\/\/www.hebi.cz\/za-hranice\/","headline":"Za hranice\u2026","name":"Za hranice\u2026","description":"Ne \u017ee by takov\u00fd exodus jako tehdy dneska pokra\u010doval. Tedy rozhodn\u011b ne z Evropy za mo\u0159e. Z ciz\u00edch kraj\u016f sem, to ano. Hrnou se sem nekal\u00e9 \u017eivly a Evropa si je\u0161t\u011b mne ruce, \u017ee budou levn\u00e9 pracovn\u00ed s\u00edly. To \u017ee tyto elementy si tu d\u011blaj\u00ed v\u0161echno podle nich nechce nikdo vid\u011bt. Za n\u011bkolik let u\u017e...","datePublished":"2025-05-06","dateModified":"2025-05-06","author":{"@type":"Person","@id":"https:\/\/www.hebi.cz\/author\/#Person","name":"","url":"https:\/\/www.hebi.cz\/author\/","identifier":1,"image":{"@type":"ImageObject","@id":"https:\/\/secure.gravatar.com\/avatar\/1aa4d33840e2afc29128e2a456d425ca0d17b173c888af2db652b1d34fe6f93d?s=96&d=mm&r=g","url":"https:\/\/secure.gravatar.com\/avatar\/1aa4d33840e2afc29128e2a456d425ca0d17b173c888af2db652b1d34fe6f93d?s=96&d=mm&r=g","height":96,"width":96}},"publisher":{"@type":"Organization","name":"hebi.cz","logo":{"@type":"ImageObject","@id":"\/logo.png","url":"\/logo.png","width":600,"height":60}},"image":{"@type":"ImageObject","@id":"https:\/\/www.hebi.cz\/wp-content\/uploads\/guy-4404082_640_2.jpg","url":"https:\/\/www.hebi.cz\/wp-content\/uploads\/guy-4404082_640_2.jpg","height":0,"width":0},"url":"https:\/\/www.hebi.cz\/za-hranice\/","about":["Slu\u017eby"],"wordCount":432,"articleBody":"         Ne \u017ee by takov\u00fd exodus jako tehdy dneska pokra\u010doval. Tedy rozhodn\u011b ne z Evropy za mo\u0159e. Z ciz\u00edch kraj\u016f sem, to ano. Hrnou se sem nekal\u00e9 \u017eivly a Evropa si je\u0161t\u011b mne ruce, \u017ee budou levn\u00e9 pracovn\u00ed s\u00edly. To \u017ee tyto elementy si tu d\u011blaj\u00ed v\u0161echno podle nich nechce nikdo vid\u011bt. Za n\u011bkolik let u\u017e Evropa nebude existovat v tom smyslu jako nyn\u00ed. Ale to nen\u00ed p\u0159edm\u011btem \u010dl\u00e1nku, to by m\u011bli \u0159e\u0161it tam naho\u0159e. C\u00edlem \u010dl\u00e1nku je poradit t\u011bm, kte\u0159\u00ed je\u0161t\u011b do ciziny cht\u011bj\u00ed, a to se v\u0161\u00edm v\u0161udy. Ne tedy jen ti, kte\u0159\u00ed si vezmou kufr a v\u0161echno tu nechaj\u00ed. Kolem st\u011bhov\u00e1n\u00ed jsou starosti v\u017edycky, bez nich to snad ani nejde.Jde jen o to, kolik jich nech\u00e1me na sv\u00fdch bedrech a kolik toto uval\u00edme na firmu. V\u00edte, \u017ee to jde tak, jak se \u0159\u00edk\u00e1 na kl\u00ed\u010d? Skute\u010dn\u011b, vy nemus\u00edte ani hnout prstem. M\u00e1me zde takovou firmu, kterou mus\u00edte kontaktovat a jen jim \u0159\u00edci odkud kam a kolik toho je. Pokud je to za hranice, vy\u0159\u00edd\u00ed v\u00e1m i v\u0161echny formality a t\u00edm v\u00e1m zachr\u00e1n\u00ed spoustu \u010dasu. Tak co vy na to? Ono je pak jedno kam se chcete p\u0159est\u011bhovat. Firma to chce v\u011bd\u011bt proto, aby si mohla vypo\u010d\u00edtat \u010das a pr\u00e1ci. Jin\u00fd po\u010det lid\u00ed po\u0161le ke st\u011bhov\u00e1n\u00ed jedn\u00e9 garsonky a jin\u00fd ke st\u011bhov\u00e1n\u00ed p\u016flky rodinn\u00e9ho domku nebo bytu \u010dty\u0159i plus dva.A pak u\u017e to m\u016f\u017ee b\u00fdt t\u0159eba st\u011bhov\u00e1n\u00ed do D\u00e1nska N\u011bmecka nebo Portugalska, to u\u017e je jedno. Jen se p\u0159ipo\u010d\u00edt\u00e1 del\u0161\u00ed dojezdov\u00e1 doba do c\u00edle. Ta u\u017e m\u016f\u017eete b\u00fdt vy a jen ukazovat kam co p\u0159ijde. Pokud u\u017e jste to ne\u0159ekli p\u0159edt\u00edm. Chlapi, kte\u0159\u00ed zde pracuj\u00ed dok\u00e1\u017eou p\u0159em\u00edstit naprosto v\u0161echno, stejn\u011b porcel\u00e1nov\u00fd lustr jako klav\u00edr i s kl\u00e1vesami. Od toho zde jsou. V\u0161echno zvl\u00e1dnou a ni\u010deho se nezaleknou. Dok\u00e1\u017e\u00ed p\u0159est\u011bhovat na p\u0159\u00e1n\u00ed i dom\u00e1c\u00ed mazl\u00ed\u010dky, t\u0159eba ps\u00edky, ko\u010dky neb ussurijsk\u00e9 tygry. Nic pro n\u011b nen\u00ed probl\u00e9m. Proto u\u017e na st\u011bhov\u00e1n\u00ed nemyslete a sv\u011b\u0159te to firm\u011b. Sta\u010d\u00ed kdy\u017e kliknete na odkaz v\u00fd\u0161e v \u010dl\u00e1nku a hned jste na jejich webov\u00fdch str\u00e1nk\u00e1ch.                                                                                                                                                                                                                                                                                                                                                                                           4.2\/5 - (6 votes)        "},{"@context":"https:\/\/schema.org\/","@type":"BreadcrumbList","itemListElement":[{"@type":"ListItem","position":1,"name":"Za hranice\u2026","item":"https:\/\/www.hebi.cz\/za-hranice\/#breadcrumbitem"}]}]