[{"@context":"https:\/\/schema.org\/","@type":"Article","@id":"https:\/\/www.hebi.cz\/zajimava-technika\/#Article","mainEntityOfPage":"https:\/\/www.hebi.cz\/zajimava-technika\/","headline":"Zaj\u00edmav\u00e1 technika","name":"Zaj\u00edmav\u00e1 technika","description":"Technick\u00e9 ud\u00e1losti a dal\u0161\u00ed v\u011bci m\u011b v\u017edycky moc zaj\u00edmaly i kdy\u017e tedy j\u00e1 osobn\u011b nejsem v\u016fbec \u017e\u00e1dn\u00fd technick\u00fd typ. Ale i tak m\u011b to zaj\u00edm\u00e1. V\u00e1s taky zaj\u00edm\u00e1 technika a podobn\u00e9 v\u011bci? Mysl\u00edm, \u017ee technick\u00e9 v\u011bci jsou velmi zaj\u00edmav\u00e9 a taky by m\u011b zaj\u00edmalo, pro\u010d je m\u00e1me. Zaj\u00edmalo by m\u011b, pro\u010d je n\u011bkdo vymyslel a...","datePublished":"2021-09-13","dateModified":"2021-09-13","author":{"@type":"Person","@id":"https:\/\/www.hebi.cz\/author\/#Person","name":"","url":"https:\/\/www.hebi.cz\/author\/","identifier":1,"image":{"@type":"ImageObject","@id":"https:\/\/secure.gravatar.com\/avatar\/1aa4d33840e2afc29128e2a456d425ca0d17b173c888af2db652b1d34fe6f93d?s=96&d=mm&r=g","url":"https:\/\/secure.gravatar.com\/avatar\/1aa4d33840e2afc29128e2a456d425ca0d17b173c888af2db652b1d34fe6f93d?s=96&d=mm&r=g","height":96,"width":96}},"publisher":{"@type":"Organization","name":"hebi.cz","logo":{"@type":"ImageObject","@id":"\/logo.png","url":"\/logo.png","width":600,"height":60}},"image":{"@type":"ImageObject","@id":"https:\/\/www.hebi.cz\/wp-content\/uploads\/pr%C3%A1ce%20a%20%C5%BEena.JPG","url":"https:\/\/www.hebi.cz\/wp-content\/uploads\/pr%C3%A1ce%20a%20%C5%BEena.JPG","height":0,"width":0},"url":"https:\/\/www.hebi.cz\/zajimava-technika\/","about":["Technika"],"wordCount":414,"articleBody":"Technick\u00e9 ud\u00e1losti a dal\u0161\u00ed v\u011bci m\u011b v\u017edycky moc zaj\u00edmaly i kdy\u017e tedy j\u00e1 osobn\u011b nejsem v\u016fbec \u017e\u00e1dn\u00fd technick\u00fd typ. Ale i tak m\u011b to zaj\u00edm\u00e1. V\u00e1s taky zaj\u00edm\u00e1 technika a podobn\u00e9 v\u011bci? Mysl\u00edm, \u017ee technick\u00e9 v\u011bci jsou velmi zaj\u00edmav\u00e9 a taky by m\u011b zaj\u00edmalo, pro\u010d je m\u00e1me. Zaj\u00edmalo by m\u011b, pro\u010d je n\u011bkdo vymyslel a pro\u010d. Proto\u017ee kdy\u017e se nad t\u00edm zamysl\u00edte, tak \u017e\u00e1dn\u00e1 technick\u00e1 v\u011bc tady nen\u00ed jenom jen tak a v\u017edycky n\u011bco m\u00e1 sv\u016fj smysl a p\u016fvod. A taky samoz\u0159ejm\u011b ten d\u016fvod, pro\u010d se technick\u00e9 v\u011bci vyr\u00e1b\u00ed anebo pro\u010d je m\u00e1me. Pou\u017e\u00edv\u00e1te denn\u011b n\u011bjakou v\u011bc? J\u00e1 ano. Nap\u0159\u00edklad mobil, notebook nebo po\u010d\u00edta\u010d anebo taky televize. Nebo \u017e\u00e1dnou techniku doma nem\u00e1te nebo ji nepou\u017e\u00edv\u00e1te? Ano, samoz\u0159ejm\u011b zn\u00e1m no ho rodin, kter\u00e9 nemaj\u00ed r\u00e1di techniku a \u017eij\u00ed takov\u00fd \u017eivot, jako kdyby byly v p\u0159\u00edrod\u011b. Nap\u0159\u00edklad moje sousedka. Ta nem\u00e1 doma v\u016fbec \u017e\u00e1dnou televizi. Ona mi \u0159\u00edk\u00e1, \u017ee televize je zcela zbyte\u010dn\u00e1, \u017ee to akor\u00e1t bere motivaci lidem. Zaj\u00edmalo by m\u011b, jako motivaci m\u00e1 na mysli.Kdy\u017e to tak vezmu, tak technick\u00e1 ud\u00e1lost jako nap\u0159\u00edklad televize je pro m\u011b velmi zaj\u00edmav\u00e1 a j\u00e1 se na televizi d\u00edv\u00e1m opravdu denn\u011b a nevad\u00ed mi to, motivaci mi tedy nebere a mn\u011b se to moc l\u00edb\u00ed. J\u00e1 se mus\u00edm p\u0159iznat, \u017ee j\u00e1 osobn\u011b bych se bez televize u\u017e asi neobe\u0161la. Ano, jsem na tom z\u00e1visl\u00e1. Ale mn\u011b to nevad\u00ed, proto\u017ee j\u00e1 d\u00edky televizi zn\u00e1m cel\u00fd sv\u011bt. Tedy jen tak obrazn\u011b. Moc r\u00e1da se d\u00edv\u00e1m na r\u016fzn\u00e9 dokumenty, ale taky m\u00e1m obl\u00edben\u00e9 seri\u00e1ly, d\u00edky nim\u017e vyjdu z denn\u00edho stereotypu. Nem\u00e1m toti\u017e r\u00e1da \u017e\u00e1dn\u00e9 stereotypy, tak\u017ee pr\u00e1v\u011b d\u00edky technice, a hlavn\u011b po\u010d\u00edta\u010di jsem ze stereotypu venku. Kdybych si nemohla odpo\u010dinout od v\u0161edn\u00edho dne, tak bych se asi zbl\u00e1znila. Proto d\u011bkuji technice, \u017ee mi pom\u00e1h\u00e1 udr\u017eet mou mysl v pohod\u011b. A zaj\u00edmalo by m\u011b, jak to m\u00e1te s technikou vy. Pokud t\u0159eba n\u011bco nem\u00e1te r\u00e1di a pro\u010d nebo bez \u010deho se t\u0159eba neobejdete. N\u011bkdy je technika nepostradateln\u00e1.\u00a0                                                                                                                                                                                                                                                                                                                                                                                        4.3\/5 - (7 votes)        "},{"@context":"https:\/\/schema.org\/","@type":"BreadcrumbList","itemListElement":[{"@type":"ListItem","position":1,"name":"Zaj\u00edmav\u00e1 technika","item":"https:\/\/www.hebi.cz\/zajimava-technika\/#breadcrumbitem"}]}]